{"id":3206,"date":"2023-06-16T18:56:54","date_gmt":"2023-06-16T18:56:54","guid":{"rendered":"https:\/\/centroevaluacionjesydor.cl\/?p=3206"},"modified":"2023-06-16T19:21:19","modified_gmt":"2023-06-16T19:21:19","slug":"sence-abre-mas-de-4-000-cupos-de-capacitacion","status":"publish","type":"post","link":"https:\/\/centroevaluacionjesydor.cl\/index.php\/2023\/06\/16\/sence-abre-mas-de-4-000-cupos-de-capacitacion\/","title":{"rendered":"Sence abre m\u00e1s de 4.000 cupos de capacitaci\u00f3n"},"content":{"rendered":"\t\t<div data-elementor-type=\"wp-post\" data-elementor-id=\"3206\" class=\"elementor elementor-3206\" data-elementor-post-type=\"post\">\n\t\t\t\t\t\t<section class=\"elementor-section elementor-top-section elementor-element elementor-element-05eefaf elementor-section-boxed elementor-section-height-default elementor-section-height-default\" data-id=\"05eefaf\" data-element_type=\"section\" data-e-type=\"section\" data-settings=\"{&quot;jet_parallax_layout_list&quot;:[]}\">\n\t\t\t\t\t\t<div class=\"elementor-container elementor-column-gap-default\">\n\t\t\t\t\t<div class=\"elementor-column elementor-col-50 elementor-top-column elementor-element elementor-element-5b4fbce\" data-id=\"5b4fbce\" data-element_type=\"column\" data-e-type=\"column\">\n\t\t\t<div class=\"elementor-widget-wrap elementor-element-populated\">\n\t\t\t\t\t\t<div class=\"elementor-element elementor-element-221a635 elementor-widget elementor-widget-text-editor\" data-id=\"221a635\" data-element_type=\"widget\" data-e-type=\"widget\" data-widget_type=\"text-editor.default\">\n\t\t\t\t<div class=\"elementor-widget-container\">\n\t\t\t\t\t\t\t\t\t<p>La iniciativa p\u00fablico-privada responde a un trabajo colaborativo entre los ministerios del Trabajo y Previsi\u00f3n Social, y Vivienda y Urbanismo, junto a la C\u00e1mara Chilena de la Construcci\u00f3n, CChC, y Sence, en colaboraci\u00f3n con la Bolsa Nacional de Empleo, BNE y Chile Valora. Su objetivo es la formaci\u00f3n de mano de obra calificada para la construcci\u00f3n de viviendas sociales, en el marco del Plan de Emergencia Habitacional.<\/p><p>A la fecha, a trav\u00e9s del Programa, ya se han capacitado 2700 personas en el pa\u00eds, de las cuales 1174 han aprobado sus capacitaciones, y 960 se encuentran en etapa de capacitaci\u00f3n. \u00a0<\/p><p>En su segunda etapa, el programa implica una inversi\u00f3n de $3.682.093.200, provenientes del fondo de Becas Laborales del OTIC de la CChC. Los cursos (de 128 horas de duraci\u00f3n promedio) ser\u00e1n implementados a trav\u00e9s del Programa Becas Laborales del Sence y est\u00e1n disponibles para postulaci\u00f3n en el pa\u00eds a trav\u00e9s del sitio\u00a0<a href=\"http:\/\/www.sence.cl\/\">www.sence.cl<\/a>, en las oficinas regionales del Servicio y en las Plataformas Laborales de Arica y Parinacota, Antofagasta y Regi\u00f3n Metropolitana.<\/p>\t\t\t\t\t\t\t\t<\/div>\n\t\t\t\t<\/div>\n\t\t\t\t\t<\/div>\n\t\t<\/div>\n\t\t\t\t<div class=\"elementor-column elementor-col-50 elementor-top-column elementor-element elementor-element-f408aeb\" data-id=\"f408aeb\" data-element_type=\"column\" data-e-type=\"column\">\n\t\t\t<div class=\"elementor-widget-wrap elementor-element-populated\">\n\t\t\t\t\t\t<div class=\"elementor-element elementor-element-b2ed01f elementor-widget elementor-widget-image\" data-id=\"b2ed01f\" data-element_type=\"widget\" data-e-type=\"widget\" data-widget_type=\"image.default\">\n\t\t\t\t<div class=\"elementor-widget-container\">\n\t\t\t\t\t\t\t\t\t\t\t\t\t\t\t<img fetchpriority=\"high\" decoding=\"async\" width=\"800\" height=\"500\" src=\"https:\/\/centroevaluacionjesydor.cl\/wp-content\/uploads\/2023\/06\/NOTI_01-1024x640.jpg\" class=\"attachment-large size-large wp-image-3208\" alt=\"\" srcset=\"https:\/\/centroevaluacionjesydor.cl\/wp-content\/uploads\/2023\/06\/NOTI_01-1024x640.jpg 1024w, https:\/\/centroevaluacionjesydor.cl\/wp-content\/uploads\/2023\/06\/NOTI_01-300x188.jpg 300w, https:\/\/centroevaluacionjesydor.cl\/wp-content\/uploads\/2023\/06\/NOTI_01-768x480.jpg 768w, https:\/\/centroevaluacionjesydor.cl\/wp-content\/uploads\/2023\/06\/NOTI_01-1536x960.jpg 1536w, https:\/\/centroevaluacionjesydor.cl\/wp-content\/uploads\/2023\/06\/NOTI_01-500x313.jpg 500w, https:\/\/centroevaluacionjesydor.cl\/wp-content\/uploads\/2023\/06\/NOTI_01-600x375.jpg 600w, https:\/\/centroevaluacionjesydor.cl\/wp-content\/uploads\/2023\/06\/NOTI_01.jpg 1600w\" sizes=\"(max-width: 800px) 100vw, 800px\" \/>\t\t\t\t\t\t\t\t\t\t\t\t\t\t\t<\/div>\n\t\t\t\t<\/div>\n\t\t\t\t\t<\/div>\n\t\t<\/div>\n\t\t\t\t\t<\/div>\n\t\t<\/section>\n\t\t\t\t<\/div>\n\t\t","protected":false},"excerpt":{"rendered":"<p>La iniciativa p\u00fablico-privada responde a un trabajo colaborativo entre los ministerios del Trabajo y Previsi\u00f3n Social, y Vivienda y Urbanismo, junto a la C\u00e1mara Chilena de la Construcci\u00f3n, CChC, y Sence, en colaboraci\u00f3n con la Bolsa Nacional de Empleo, BNE y Chile Valora. Su objetivo es la formaci\u00f3n de mano de obra calificada para la [&hellip;]<\/p>\n","protected":false},"author":2,"featured_media":3215,"comment_status":"closed","ping_status":"","sticky":false,"template":"","format":"standard","meta":{"footnotes":""},"categories":[88],"tags":[],"class_list":["post-3206","post","type-post","status-publish","format-standard","has-post-thumbnail","hentry","category-noticias"],"_links":{"self":[{"href":"https:\/\/centroevaluacionjesydor.cl\/index.php\/wp-json\/wp\/v2\/posts\/3206","targetHints":{"allow":["GET"]}}],"collection":[{"href":"https:\/\/centroevaluacionjesydor.cl\/index.php\/wp-json\/wp\/v2\/posts"}],"about":[{"href":"https:\/\/centroevaluacionjesydor.cl\/index.php\/wp-json\/wp\/v2\/types\/post"}],"author":[{"embeddable":true,"href":"https:\/\/centroevaluacionjesydor.cl\/index.php\/wp-json\/wp\/v2\/users\/2"}],"replies":[{"embeddable":true,"href":"https:\/\/centroevaluacionjesydor.cl\/index.php\/wp-json\/wp\/v2\/comments?post=3206"}],"version-history":[{"count":8,"href":"https:\/\/centroevaluacionjesydor.cl\/index.php\/wp-json\/wp\/v2\/posts\/3206\/revisions"}],"predecessor-version":[{"id":3225,"href":"https:\/\/centroevaluacionjesydor.cl\/index.php\/wp-json\/wp\/v2\/posts\/3206\/revisions\/3225"}],"wp:featuredmedia":[{"embeddable":true,"href":"https:\/\/centroevaluacionjesydor.cl\/index.php\/wp-json\/wp\/v2\/media\/3215"}],"wp:attachment":[{"href":"https:\/\/centroevaluacionjesydor.cl\/index.php\/wp-json\/wp\/v2\/media?parent=3206"}],"wp:term":[{"taxonomy":"category","embeddable":true,"href":"https:\/\/centroevaluacionjesydor.cl\/index.php\/wp-json\/wp\/v2\/categories?post=3206"},{"taxonomy":"post_tag","embeddable":true,"href":"https:\/\/centroevaluacionjesydor.cl\/index.php\/wp-json\/wp\/v2\/tags?post=3206"}],"curies":[{"name":"wp","href":"https:\/\/api.w.org\/{rel}","templated":true}]}}